{"id":815,"date":"2017-12-27T20:44:57","date_gmt":"2017-12-27T19:44:57","guid":{"rendered":"http:\/\/kommunitaet-grimnitz.de\/?p=815"},"modified":"2017-12-27T20:44:57","modified_gmt":"2017-12-27T19:44:57","slug":"in-tiefer-trauer","status":"publish","type":"post","link":"http:\/\/kommunitaet-grimnitz.de\/?p=815","title":{"rendered":"In tiefer Trauer"},"content":{"rendered":"<p><img decoding=\"async\" loading=\"lazy\" class=\"aligncenter size-large wp-image-811\" src=\"http:\/\/kommunitaet-grimnitz.de\/wp-content\/uploads\/2016\/07\/Schulze-Vorderseite-01-724x1024.jpg\" alt=\"\" height=\"1024\" width=\"724\" srcset=\"http:\/\/kommunitaet-grimnitz.de\/wp-content\/uploads\/2016\/07\/Schulze-Vorderseite-01-724x1024.jpg 724w, http:\/\/kommunitaet-grimnitz.de\/wp-content\/uploads\/2016\/07\/Schulze-Vorderseite-01-212x300.jpg 212w, http:\/\/kommunitaet-grimnitz.de\/wp-content\/uploads\/2016\/07\/Schulze-Vorderseite-01-768x1086.jpg 768w, http:\/\/kommunitaet-grimnitz.de\/wp-content\/uploads\/2016\/07\/Schulze-Vorderseite-01.jpg 877w\" sizes=\"(max-width: 724px) 100vw, 724px\" \/><\/p>\n<p>&nbsp;<\/p>\n<p>&nbsp;<\/p>\n","protected":false},"excerpt":{"rendered":"<p>&nbsp; &nbsp;<\/p>\n","protected":false},"author":1,"featured_media":0,"comment_status":"open","ping_status":"open","sticky":false,"template":"","format":"standard","meta":{"ngg_post_thumbnail":0,"jetpack_post_was_ever_published":false,"jetpack_publicize_message":"","jetpack_is_tweetstorm":false,"jetpack_publicize_feature_enabled":true,"jetpack_social_post_already_shared":true,"jetpack_social_options":[]},"categories":[1],"tags":[],"jetpack_publicize_connections":[],"jetpack_featured_media_url":"","jetpack_sharing_enabled":true,"jetpack_shortlink":"https:\/\/wp.me\/p7N98T-d9","jetpack-related-posts":[{"id":1263,"url":"http:\/\/kommunitaet-grimnitz.de\/?p=1263","url_meta":{"origin":815,"position":0},"title":"J\u00fcdische Musik bei Kerzenschein: Herzliche Einladung","date":"15. Oktober 2024","format":false,"excerpt":"","rel":"","context":"\u00c4hnlicher Beitrag","img":{"alt_text":"","src":"https:\/\/i0.wp.com\/kommunitaet-grimnitz.de\/wp-content\/uploads\/2024\/10\/04bba5be-fbcf-4a3a-8d0e-748565bfe49e.jpg?resize=350%2C200","width":350,"height":200},"classes":[]},{"id":1243,"url":"http:\/\/kommunitaet-grimnitz.de\/?p=1243","url_meta":{"origin":815,"position":1},"title":"Oriental Workout: Jeden Samstag um 10-11:30 Uhr!","date":"27. Juli 2024","format":false,"excerpt":"","rel":"","context":"\u00c4hnlicher Beitrag","img":{"alt_text":"","src":"https:\/\/i0.wp.com\/kommunitaet-grimnitz.de\/wp-content\/uploads\/2024\/07\/6c5c7861-d08f-4763-9919-8a1108af1e75-1.jpg?resize=350%2C200","width":350,"height":200},"classes":[]},{"id":947,"url":"http:\/\/kommunitaet-grimnitz.de\/?p=947","url_meta":{"origin":815,"position":2},"title":"80. Geburtstag","date":"7. April 2019","format":false,"excerpt":"Am 4. April 2019 w\u00e4re Claus-Dieter Schulze 80 Jahre alt geworden. \u00a0 \u00a0 \u00a0","rel":"","context":"\u00c4hnlicher Beitrag","img":{"alt_text":"","src":"https:\/\/i0.wp.com\/kommunitaet-grimnitz.de\/wp-content\/uploads\/2019\/04\/IMG-20190404-WA0003.jpg?resize=350%2C200","width":350,"height":200},"classes":[]},{"id":705,"url":"http:\/\/kommunitaet-grimnitz.de\/?p=705","url_meta":{"origin":815,"position":3},"title":"Der Herr ist auferstanden!","date":"16. April 2017","format":false,"excerpt":"Von unserem Ostersonntagmorgenfeuer und dem anschlie\u00dfenden Fr\u00fchst\u00fcck hier ein paar Eindr\u00fccke.","rel":"","context":"\u00c4hnlicher Beitrag","img":{"alt_text":"","src":"https:\/\/i0.wp.com\/kommunitaet-grimnitz.de\/wp-content\/uploads\/2017\/04\/20170416_060339-1024x768.jpg?resize=350%2C200","width":350,"height":200},"classes":[]},{"id":819,"url":"http:\/\/kommunitaet-grimnitz.de\/?p=819","url_meta":{"origin":815,"position":4},"title":"Abschied","date":"7. Januar 2018","format":false,"excerpt":"Am 30. Dezember haben wir in einem Trauergottesdienst in der Schinkelkirche in Joachimsthal f\u00fcr Claus-Dieter Schulzes Leben gedankt und sein Lebenswerk gew\u00fcrdigt. Anschlie\u00dfend haben wir ihn auf dem Grimnitzer Friedhof beigesetzt. Viele Menschen nahmen von ihm Abschied und begleiteten uns, auch danach beim Zusammensein in der Kommunit\u00e4t. DANKE! \u00a0 \u00a0\u2026","rel":"","context":"\u00c4hnlicher Beitrag","img":{"alt_text":"","src":"https:\/\/i0.wp.com\/kommunitaet-grimnitz.de\/wp-content\/uploads\/2018\/01\/30-12-2017-018-kl-1024x768.jpg?resize=350%2C200","width":350,"height":200},"classes":[]},{"id":647,"url":"http:\/\/kommunitaet-grimnitz.de\/?p=647","url_meta":{"origin":815,"position":5},"title":"Weihnachtsfeier im Fl\u00fcchtlingsheim","date":"17. Dezember 2016","format":false,"excerpt":"Am 9. Dezember kam Bischof Nikolaus endlich auch in unser \u00dcbergangswohnheim f\u00fcr Fl\u00fcchtlinge in Joachimsthal und bescherte die Kinder. Die Kommunit\u00e4t hat mit der\u00a0 Willkommensinitiative unserer Stadt gemeinsam diese Feier ausgerichtet und bei Weihnachtsgeb\u00e4ck und viel Weihnachtsmusik wurde es ein fr\u00f6hlicher Abend. Herzlichen Dank an alle Mitwirkenden!!! \u00a0 \u00a0 \u00a0\u2026","rel":"","context":"\u00c4hnlicher Beitrag","img":{"alt_text":"","src":"https:\/\/i0.wp.com\/kommunitaet-grimnitz.de\/wp-content\/uploads\/2016\/12\/20161209_170623-300x225.jpg?resize=350%2C200","width":350,"height":200},"classes":[]}],"_links":{"self":[{"href":"http:\/\/kommunitaet-grimnitz.de\/index.php?rest_route=\/wp\/v2\/posts\/815"}],"collection":[{"href":"http:\/\/kommunitaet-grimnitz.de\/index.php?rest_route=\/wp\/v2\/posts"}],"about":[{"href":"http:\/\/kommunitaet-grimnitz.de\/index.php?rest_route=\/wp\/v2\/types\/post"}],"author":[{"embeddable":true,"href":"http:\/\/kommunitaet-grimnitz.de\/index.php?rest_route=\/wp\/v2\/users\/1"}],"replies":[{"embeddable":true,"href":"http:\/\/kommunitaet-grimnitz.de\/index.php?rest_route=%2Fwp%2Fv2%2Fcomments&post=815"}],"version-history":[{"count":1,"href":"http:\/\/kommunitaet-grimnitz.de\/index.php?rest_route=\/wp\/v2\/posts\/815\/revisions"}],"predecessor-version":[{"id":816,"href":"http:\/\/kommunitaet-grimnitz.de\/index.php?rest_route=\/wp\/v2\/posts\/815\/revisions\/816"}],"wp:attachment":[{"href":"http:\/\/kommunitaet-grimnitz.de\/index.php?rest_route=%2Fwp%2Fv2%2Fmedia&parent=815"}],"wp:term":[{"taxonomy":"category","embeddable":true,"href":"http:\/\/kommunitaet-grimnitz.de\/index.php?rest_route=%2Fwp%2Fv2%2Fcategories&post=815"},{"taxonomy":"post_tag","embeddable":true,"href":"http:\/\/kommunitaet-grimnitz.de\/index.php?rest_route=%2Fwp%2Fv2%2Ftags&post=815"}],"curies":[{"name":"wp","href":"https:\/\/api.w.org\/{rel}","templated":true}]}}