{"id":153,"date":"2016-07-11T17:00:26","date_gmt":"2016-07-11T15:00:26","guid":{"rendered":"http:\/\/kommunitaet-grimnitz.de\/wordpress02\/?p=153"},"modified":"2016-08-11T12:02:22","modified_gmt":"2016-08-11T10:02:22","slug":"unsere-webseite-im-neuen-gewand","status":"publish","type":"post","link":"http:\/\/kommunitaet-grimnitz.de\/?p=153","title":{"rendered":"Der Sketch zum Sommerfest"},"content":{"rendered":"<p><strong><em>Wie funktioniert eine Kommunit\u00e4t?<\/em><\/strong><\/p>\n<p><em>Es treffen sich zuf\u00e4llig im Himmel: Katharina v. Bora, verh. Luther; Franziskus von Assisi; Evangelika Hildegard von Bingen.<\/em><\/p>\n<p>K: Hallo, Ignatius, sch\u00f6n, da\u00df wir uns hier im Himmel zu einer kleinen Talkshow \u00fcber Kommunit\u00e4ten treffen.<\/p>\n<p>F: Nein, nein, meine Liebe. Da verwechseln Sie mich. Ich bin nicht Ignatius von Loyola, der von den Jesuiten, auch wenn ich vielleicht so aussehe. Ich bin Franziskus von Assisi, der von den Franziskanern. Und wer sind Sie, wenn ich fragen darf?<\/p>\n<p>H: Das sieht man doch: Katharina von Bora, die erste ordinierte Pfarrerin von Th\u00fcringen, mit voller apostolischer Sukzession!<\/p>\n<p><!--more--><\/p>\n<p>K: Nein, nein, viel bescheidener: ich habe blo\u00df den Martinus Luder geheiratet und f\u00fchr ihm den Haushalt, bin sozusagen seine Schatzmeisterin, denn davon versteht er gar nix. Und wen habe ich da vor mir, die Sie sich hier gerade eingemischt haben?<\/p>\n<p>H: Schon ein paar hundert Jahre l\u00e4nger im Himmel als Sie: die Heilige Hildegard von Bingen, die mit den Kr\u00e4utern und sehr musikalisch und sehr kommunikativ. Deshalb k\u00f6nnen Sie auch gern Evangelika zu mir sagen. Aber wollen wir nicht auch mal den Mann hier in der Runde zu Wort kommen lassen? Der will doch bestimmt sein wichtiges Thema diskutieren.<\/p>\n<p>F: In der Tat \u2013 das Thema Kommunit\u00e4t. Da soll es in Grimnitz bei der Burgruine so eine Ansammlung von Frommen geben, richtig Fromme, aber jeder versteht darunter was anderes.<\/p>\n<p>K: Sind das die, die \u00fcberall Frieden und Gerechtigkeit verbreiten wollen und dabei die Freiheit vergessen, die doch das Allerwichtigste ist?<\/p>\n<p>H: Sehn Sie, das sehe ich ganz anders. Die vernachl\u00e4ssigen das innige Direkt-Gespr\u00e4ch mit Gottvater mit all ihrem Theologengequatsche. Wie soll da was abstrahlen, wenn sie nicht zuallererst den Fl\u00fcchtlingen bei ihnen das Herz f\u00fcr den Herrn Jesus \u00f6ffnen?<\/p>\n<p>K: Also, das finde ich<em> pf\u00e4ffisch<\/em>, wie schon der Bonhoeffer diesen \u00dcbergriff auf Menschen in Krisensituationen nannte. La\u00df doch den Armeniern oder Kopten oder Syrisch-Orthodoxen ihre Identit\u00e4t, wenn sie in Deutschland sowieso schon kulturell aus dem Tritt gekommen sind, meine liebe Evangelika.<\/p>\n<p>F: Aber Lutheraner sollen sie doch auch nicht werden so wie Sie, Katharina, oder? Dann schon besser katholisch. &#8211; Oder vielleicht etwas marxistisch oder basis-buddhistisch oder irgend so ein religi\u00f6ser Befindlichkeitsmix? Jeder nach seinem Privatgeschmack? Brrrr!<\/p>\n<p>H: Na, so ganz tolerant sind Sie aber auch nicht, Franziskus \u2013 wo Sie doch immer so ein weites Herz f\u00fcr alle Gesch\u00f6pfe haben. Z.B. f\u00fcr die USL, die Undogmatische Spirituelle Linke, die soll es in dieser Kommunit\u00e4t auch noch geben.<\/p>\n<p>K: Richtig, wir erwarten ja auch Meister Ekkehard zu unserem Gespr\u00e4ch, aber der kommt wohl etwas sp\u00e4ter, denn der pilgert gerade wieder. Sollte der nicht auch mal nach Nigeria gehen, Witwen des Boko-Haram-Terrorismus was von seinen biologischen Kenntnissen beibringen, die sie f\u00fcr ihr \u00dcberleben gut brauchen k\u00f6nnten?!<\/p>\n<p>F: Nun ja, zugegeben, da w\u00e4re es mir auch zu hei\u00df, mir reicht schon Assisi. Da ist jedenfalls die Sch\u00f6pfung noch in Ordnung,<em> war<\/em> sie jedenfalls, so da\u00df mir mein Sonnengesang leicht von den Lippen ging. Heutzutage m\u00fc\u00dfte ich wohl erg\u00e4nzend ein herzersch\u00fctterndes Seminar \u00fcber den globalen Klimawandel anbieten, weil sich sonst die Menschheit bald selbst verbrennt.<\/p>\n<p>H: Ach, so was weit Entferntes interessiert doch kein Schwein. Machen Sie doch lieber Kirchenasyle f\u00fcr Gefl\u00fcchtete, die wieder ins Elend zur\u00fcckgesto\u00dfen werden sollen, oder spielen Sie mit Fl\u00fcchtlingskindern. Aber die gehen Ihnen langfristig wohl zu sehr auf die Nerven!<\/p>\n<p>K: Ja, Evangelika, da gebe ich Ihnen recht: <em>direkte Hilfe<\/em> f\u00fcr Menschen im Dreck ist sicher vordringlicher als Theorieseminare f\u00fcr Intellektuelle mit ihrem universalen Horizont, egal ob \u00fcber Prognosen zum Meeresanstieg oder \u00fcber die Zukunft der Demokratie und die Hass\u00e4ngste der AFD-W\u00e4hler. Auch die heutigen Christen m\u00fcssen zuerst praktische Hilfe leisten!<\/p>\n<p>F: Ja, durchaus, aber in einer Kommunit\u00e4t dann auch M\u00f6bel streichen oder Hochbeete pflegen und Erntegaben einwecken. Ist sowas nicht gerade Ihre Spezialit\u00e4t, Hildegard von Bingen?? Oder fehlten Ihnen da einfach ein paar selbstlose Nonnen, die das als Gottes-Dienst gern machen?<\/p>\n<p>H: Nee, im 12.Jahrhundert fehlten sie mir nicht. Da durfte ich auch mal ohne st\u00e4ndige Gewissensbisse krank werden. Ich bin zwar ganz sch\u00f6n alt geworden, ehe ich in den Himmel eingehen durfte, und im Hochmittelalter war das Klosterleben durchaus kein Zuckerschlecken. Aber <em>heute<\/em> fehlen die Unerm\u00fcdlichen. In Grimnitz brauchen sie einen Hausmeister, eine Hauswirtschafterin, einen G\u00e4rtner, einen \u00d6ffentlichkeitsmenschen und noch manche andere, und zwar dauerhaft., nicht nur bei Festen.<\/p>\n<p>K: Richtig, zu unserer Zeit gab es f\u00fcr Kl\u00f6ster auch noch gro\u00dfz\u00fcgige F\u00fcrsten als Stifter, die damit ihre Angst vor H\u00f6lle und Fegefeuer loswerden konnten. Eigentlich schade, da\u00df mein Mann wegen der kostenlosen Gottesgnade so wenig Anreiz zur Selbstlosigkeit \u00fcbriggelassen hat. Heute kriegt man als Spender immerhin eine Bescheinigung f\u00fcrs Finanzamt. Aber wo bleiben die Menschen selber? Statt in prek\u00e4ren Jobs st\u00e4ndig \u00fcber die sp\u00e4tere Altersrentenh\u00f6he nachzudenken, k\u00f6nnte doch ein Freiwilligendienst auf Zeit eine sinnvolle Lebensphase sein \u2013 die andern Kommunarden m\u00fc\u00dften einen nur mitschleppen. Und wer schon ein junggebliebener fitter Rentner ist, w\u00e4re bestimmt besonders willkommen.<\/p>\n<p>F: Okay, da m\u00fc\u00dfte einem oder einer aber der liebe Gott einen sanften Sto\u00df in die Rippen geben. Und er oder sie m\u00fc\u00dfte auch die Herzlichkeit sp\u00fcren, mit der die Kommunit\u00e4t einen Novizen willkommen hei\u00dft. Meinen Sie, meine frommen Damen, die da unten in Grimnitz schaffen das?<\/p>\n<p>H: Doch, wenn sie immer mal wieder \u00fcber den <em>eigenen<\/em> Schatten springen. Aber genau daf\u00fcr ist ihre Gottesenergie ja auch gedacht, <em>ehe<\/em> sie andern helfen wollen und k\u00f6nnen.<\/p>\n<p>K: Na gut, dann w\u00fcnschen wir ihnen daf\u00fcr Gottes Segen. Und wir Drei k\u00f6nnen ja als Schutzengel ein wenig darauf achten, da\u00df der Segen auch aufgenommen und umgesetzt wird. Tsch\u00fcss, meine lieben zwei Heiligen, bis zum n\u00e4chsten Mal!<\/p>\n<p><em>-cds- <\/em><\/p>\n<p>&nbsp;<\/p>\n<p>&nbsp;<\/p>\n<p>&nbsp;<\/p>\n<p>&nbsp;<\/p>\n","protected":false},"excerpt":{"rendered":"<p>Wie funktioniert eine Kommunit\u00e4t? Es treffen sich zuf\u00e4llig im Himmel: Katharina v. Bora, verh. Luther; Franziskus von Assisi; Evangelika Hildegard von Bingen. K: Hallo, Ignatius, sch\u00f6n, da\u00df wir uns hier im Himmel zu einer kleinen Talkshow \u00fcber Kommunit\u00e4ten treffen. F: Nein, nein, meine Liebe. Da verwechseln Sie mich. Ich bin nicht Ignatius von Loyola, der [&hellip;]<\/p>\n","protected":false},"author":1,"featured_media":457,"comment_status":"closed","ping_status":"closed","sticky":false,"template":"","format":"standard","meta":{"ngg_post_thumbnail":0,"jetpack_post_was_ever_published":false,"jetpack_publicize_message":"","jetpack_is_tweetstorm":false,"jetpack_publicize_feature_enabled":true,"jetpack_social_post_already_shared":false,"jetpack_social_options":[]},"categories":[1],"tags":[],"jetpack_publicize_connections":[],"jetpack_featured_media_url":"http:\/\/kommunitaet-grimnitz.de\/wp-content\/uploads\/2016\/07\/13754310_1236775793020217_1229919112860736823_n.jpg","jetpack_sharing_enabled":true,"jetpack_shortlink":"https:\/\/wp.me\/p7N98T-2t","jetpack-related-posts":[{"id":714,"url":"http:\/\/kommunitaet-grimnitz.de\/?p=714","url_meta":{"origin":153,"position":0},"title":"Neuer\u00f6ffnung &#8222;Weltcaf\u00e9&#8220;","date":"1. Mai 2017","format":false,"excerpt":"Alles neu macht der Mai? Wir waren schneller und haben noch im April, n\u00e4mlich am Sonntag dem 30. \"Weltcaf\u00e9\" und Weltladen (dazu sp\u00e4ter) in der Kommunit\u00e4t er\u00f6ffnet. Wochenlang haben wir gewerkelt, nein geschuftet, um die gro\u00dfe Kelleretage im Haupthaus begehbar zu machen. Die einfallenden W\u00e4nde wurden neu verputzt und gestrichen,\u2026","rel":"","context":"\u00c4hnlicher Beitrag","img":{"alt_text":"","src":"https:\/\/i0.wp.com\/kommunitaet-grimnitz.de\/wp-content\/uploads\/2017\/05\/DSC03422-kl-1024x768.jpg?resize=350%2C200","width":350,"height":200},"classes":[]},{"id":325,"url":"http:\/\/kommunitaet-grimnitz.de\/?p=325","url_meta":{"origin":153,"position":1},"title":"Das war unser Sommerfest am 17. Juli 2016","date":"29. Juli 2016","format":false,"excerpt":"Wenn man nicht allzuviel vorbereitet, wird es oft besonders sch\u00f6n. Dank vieler spontaner Helferinnen und Helfer konnten wir ein Fest besonderer G\u00fcte genie\u00dfen. Es begann mit einem Gottesdienst am 8. Sonntag nach Trinitatis, dem 17. Juli 2016 um 11.00 Uhr auf unserem Hof und die Gottesdienstgemeinde aus G\u00e4sten und Einheimischen\u2026","rel":"","context":"\u00c4hnlicher Beitrag","img":{"alt_text":"","src":"https:\/\/i0.wp.com\/kommunitaet-grimnitz.de\/wp-content\/uploads\/2016\/07\/17-07-2016-019.jpg?resize=350%2C200","width":350,"height":200},"classes":[]},{"id":1255,"url":"http:\/\/kommunitaet-grimnitz.de\/?p=1255","url_meta":{"origin":153,"position":2},"title":"Gartengruppe: Samstags um 12 Uhr","date":"2. August 2024","format":false,"excerpt":"Ort: Die G\u00e4rten der Kommunit\u00e4t GrimnitzWir sind in der gl\u00fccklichen Lage, in unseren G\u00e4rten noch ein St\u00fcck unber\u00fchrter Natur zu haben. Wir haben es uns zur Aufgabe gemacht, sie weitgehend zu erhalten und pflegerisch nur regulierend einzugreifen, damit die einheimischen Pflanzen und Tiere, viele von ihnen stark bedroht, eine M\u00f6glichkeit\u2026","rel":"","context":"\u00c4hnlicher Beitrag","img":{"alt_text":"","src":"https:\/\/i0.wp.com\/kommunitaet-grimnitz.de\/wp-content\/uploads\/2024\/08\/IMG_7711-1-scaled.jpg?resize=350%2C200","width":350,"height":200},"classes":[]},{"id":746,"url":"http:\/\/kommunitaet-grimnitz.de\/?p=746","url_meta":{"origin":153,"position":3},"title":"Ausflug","date":"25. Juni 2017","format":false,"excerpt":"Einen Tag nach St. Johannis, am 2. Sonntag nach Trinitatis, machten wir 10 von der Kommunit\u00e4t nach dem Gottesdienst einen Ausflug. Zuerst ging es nach Brodowin, dem \u00d6kodorf im Barnim, zum Hoffest. Gro\u00dfer Andrang, die Stra\u00dfen vollgeparkt, am Einla\u00df Schlangestehen. Haben wir gern gemacht, denn drinnen gab es reichlich zu\u2026","rel":"","context":"In \"Barnimer Jugendorchster\"","img":{"alt_text":"","src":"https:\/\/i0.wp.com\/kommunitaet-grimnitz.de\/wp-content\/uploads\/2017\/06\/DSC03498-kl-1024x768.jpg?resize=350%2C200","width":350,"height":200},"classes":[]},{"id":971,"url":"http:\/\/kommunitaet-grimnitz.de\/?p=971","url_meta":{"origin":153,"position":4},"title":"Hof-Caf\u00e9","date":"4. Mai 2019","format":false,"excerpt":"Heute, am ersten Samstag im Mai wurde der Keller der Burgruine Grimnitz - neben unserem Haus -\u00a0 von den neuen Besitzern ge\u00f6ffnet und der \u00d6ffentlichkeit zug\u00e4nglich gemacht. Besucher konnten bei einer F\u00fchrung Interessantes zur Geschichte dieser Burg erfahren und sehen. Gleichzeitig \u00f6fnnete auch der Glash\u00fcttenverein Grimnitz - hinter unserem Haus\u2026","rel":"","context":"In \"Burgruine Grimnitz\"","img":{"alt_text":"","src":"https:\/\/i0.wp.com\/kommunitaet-grimnitz.de\/wp-content\/uploads\/2019\/05\/IMG_20190504_124955-kl.jpg?resize=350%2C200","width":350,"height":200},"classes":[]},{"id":1034,"url":"http:\/\/kommunitaet-grimnitz.de\/?p=1034","url_meta":{"origin":153,"position":5},"title":"da is Musike drin","date":"18. Juli 2020","format":false,"excerpt":"Um nicht immer nur von unseren - neuerdings wieder florierenden - Hofcaf\u00e9s zu berichten hier mal ein paar Bilder von unserem heutigen Spontankonzert. So sieht es aus, wenn G\u00e4ste zu uns kommen und sagen: wir wollen mal bisschen Musik machen. Mag jemand zuh\u00f6ren? Und dann kommen die nahen Nachbarn und\u2026","rel":"","context":"\u00c4hnlicher Beitrag","img":{"alt_text":"","src":"https:\/\/i0.wp.com\/kommunitaet-grimnitz.de\/wp-content\/uploads\/2020\/07\/IMG_20200718_194021-kl.jpg?resize=350%2C200","width":350,"height":200},"classes":[]}],"_links":{"self":[{"href":"http:\/\/kommunitaet-grimnitz.de\/index.php?rest_route=\/wp\/v2\/posts\/153"}],"collection":[{"href":"http:\/\/kommunitaet-grimnitz.de\/index.php?rest_route=\/wp\/v2\/posts"}],"about":[{"href":"http:\/\/kommunitaet-grimnitz.de\/index.php?rest_route=\/wp\/v2\/types\/post"}],"author":[{"embeddable":true,"href":"http:\/\/kommunitaet-grimnitz.de\/index.php?rest_route=\/wp\/v2\/users\/1"}],"replies":[{"embeddable":true,"href":"http:\/\/kommunitaet-grimnitz.de\/index.php?rest_route=%2Fwp%2Fv2%2Fcomments&post=153"}],"version-history":[{"count":9,"href":"http:\/\/kommunitaet-grimnitz.de\/index.php?rest_route=\/wp\/v2\/posts\/153\/revisions"}],"predecessor-version":[{"id":494,"href":"http:\/\/kommunitaet-grimnitz.de\/index.php?rest_route=\/wp\/v2\/posts\/153\/revisions\/494"}],"wp:featuredmedia":[{"embeddable":true,"href":"http:\/\/kommunitaet-grimnitz.de\/index.php?rest_route=\/wp\/v2\/media\/457"}],"wp:attachment":[{"href":"http:\/\/kommunitaet-grimnitz.de\/index.php?rest_route=%2Fwp%2Fv2%2Fmedia&parent=153"}],"wp:term":[{"taxonomy":"category","embeddable":true,"href":"http:\/\/kommunitaet-grimnitz.de\/index.php?rest_route=%2Fwp%2Fv2%2Fcategories&post=153"},{"taxonomy":"post_tag","embeddable":true,"href":"http:\/\/kommunitaet-grimnitz.de\/index.php?rest_route=%2Fwp%2Fv2%2Ftags&post=153"}],"curies":[{"name":"wp","href":"https:\/\/api.w.org\/{rel}","templated":true}]}}